{"id":3627,"date":"2026-03-13T18:27:03","date_gmt":"2026-03-13T17:27:03","guid":{"rendered":"https:\/\/steredennvor.fr\/?p=3627"},"modified":"2026-03-13T18:27:21","modified_gmt":"2026-03-13T17:27:21","slug":"reservations-sur-le-steredenn-vor-pendant-vilaine-et-fete","status":"publish","type":"post","link":"https:\/\/steredennvor.fr\/index.php\/2026\/03\/reservations-sur-le-steredenn-vor-pendant-vilaine-et-fete\/","title":{"rendered":"R\u00e9servations sur le Steredenn vor pendant \u00ab\u00a0Vilaine et F\u00eate\u00a0\u00bb"},"content":{"rendered":"<p><img decoding=\"async\" class=\"size-medium wp-image-3629 alignright\" src=\"https:\/\/steredennvor.fr\/wp-content\/uploads\/2026\/03\/Capture-decran-2026-03-13-182228-300x163.jpeg\" alt=\"\" width=\"300\" height=\"163\" srcset=\"https:\/\/steredennvor.fr\/wp-content\/uploads\/2026\/03\/Capture-decran-2026-03-13-182228-300x163.jpeg 300w, https:\/\/steredennvor.fr\/wp-content\/uploads\/2026\/03\/Capture-decran-2026-03-13-182228.jpeg 490w\" sizes=\"(max-width: 300px) 100vw, 300px\" \/>Vous \u00eates membres de l\u2019Association, et vous souhaitez naviguer sur le Steredenn Vor \u00e0 l\u2019occasion de Vilaine en F\u00eate, entre le 11 et le 16 mai prochain<strong>.<\/strong>\u00a0Vous pouvez effectuer votre r\u00e9servation dans la limite des places disponibles, en cliquant\u00a0<strong>dans le Menu<\/strong> ci-dessus, sur le texte \u00ab Le Bateau \u00bb puis sur \u00ab R\u00e9servations sur le Steredenn Vor \u00bb.<\/p>\n","protected":false},"excerpt":{"rendered":"<p>Vous \u00eates membres de l\u2019Association, et vous souhaitez naviguer sur le Steredenn Vor \u00e0 l\u2019occasion de Vilaine en F\u00eate, entre le 11 et le 16 mai prochain.\u00a0Vous pouvez effectuer votre [&hellip;]<\/p>\n","protected":false},"author":2,"featured_media":3629,"comment_status":"open","ping_status":"open","sticky":false,"template":"","format":"standard","meta":{"footnotes":""},"categories":[10],"tags":[23],"class_list":["post-3627","post","type-post","status-publish","format-standard","has-post-thumbnail","hentry","category-bateau","tag-mars2026","entry","has-media"],"yoast_head":"<!-- This site is optimized with the Yoast SEO plugin v27.4 - https:\/\/yoast.com\/product\/yoast-seo-wordpress\/ -->\n<title>R\u00e9servations sur le Steredenn vor pendant &quot;Vilaine et F\u00eate&quot; - STEREDENN VOR<\/title>\n<meta name=\"robots\" content=\"index, follow, max-snippet:-1, max-image-preview:large, max-video-preview:-1\" \/>\n<link rel=\"canonical\" href=\"https:\/\/steredennvor.fr\/index.php\/2026\/03\/reservations-sur-le-steredenn-vor-pendant-vilaine-et-fete\/\" \/>\n<meta property=\"og:locale\" content=\"fr_FR\" \/>\n<meta property=\"og:type\" content=\"article\" \/>\n<meta property=\"og:title\" content=\"R\u00e9servations sur le Steredenn vor pendant &quot;Vilaine et F\u00eate&quot; - STEREDENN VOR\" \/>\n<meta property=\"og:description\" content=\"Vous \u00eates membres de l\u2019Association, et vous souhaitez naviguer sur le Steredenn Vor \u00e0 l\u2019occasion de Vilaine en F\u00eate, entre le 11 et le 16 mai prochain.\u00a0Vous pouvez effectuer votre [&hellip;]\" \/>\n<meta property=\"og:url\" content=\"https:\/\/steredennvor.fr\/index.php\/2026\/03\/reservations-sur-le-steredenn-vor-pendant-vilaine-et-fete\/\" \/>\n<meta property=\"og:site_name\" content=\"STEREDENN VOR\" \/>\n<meta property=\"article:published_time\" content=\"2026-03-13T17:27:03+00:00\" \/>\n<meta property=\"article:modified_time\" content=\"2026-03-13T17:27:21+00:00\" \/>\n<meta property=\"og:image\" content=\"https:\/\/steredennvor.fr\/wp-content\/uploads\/2026\/03\/Capture-decran-2026-03-13-182228.jpeg\" \/>\n\t<meta property=\"og:image:width\" content=\"490\" \/>\n\t<meta property=\"og:image:height\" content=\"266\" \/>\n\t<meta property=\"og:image:type\" content=\"image\/jpeg\" \/>\n<meta name=\"author\" content=\"Patrick DAHLEM\" \/>\n<meta name=\"twitter:card\" content=\"summary_large_image\" \/>\n<meta name=\"twitter:label1\" content=\"\u00c9crit par\" \/>\n\t<meta name=\"twitter:data1\" content=\"Patrick DAHLEM\" \/>\n\t<meta name=\"twitter:label2\" content=\"Dur\u00e9e de lecture estim\u00e9e\" \/>\n\t<meta name=\"twitter:data2\" content=\"1 minute\" \/>\n<script type=\"application\/ld+json\" class=\"yoast-schema-graph\">{\"@context\":\"https:\\\/\\\/schema.org\",\"@graph\":[{\"@type\":\"Article\",\"@id\":\"https:\\\/\\\/steredennvor.fr\\\/index.php\\\/2026\\\/03\\\/reservations-sur-le-steredenn-vor-pendant-vilaine-et-fete\\\/#article\",\"isPartOf\":{\"@id\":\"https:\\\/\\\/steredennvor.fr\\\/index.php\\\/2026\\\/03\\\/reservations-sur-le-steredenn-vor-pendant-vilaine-et-fete\\\/\"},\"author\":{\"name\":\"Patrick DAHLEM\",\"@id\":\"https:\\\/\\\/steredennvor.fr\\\/#\\\/schema\\\/person\\\/9512340db2b1550211a50f520de60390\"},\"headline\":\"R\u00e9servations sur le Steredenn vor pendant \u00ab\u00a0Vilaine et F\u00eate\u00a0\u00bb\",\"datePublished\":\"2026-03-13T17:27:03+00:00\",\"dateModified\":\"2026-03-13T17:27:21+00:00\",\"mainEntityOfPage\":{\"@id\":\"https:\\\/\\\/steredennvor.fr\\\/index.php\\\/2026\\\/03\\\/reservations-sur-le-steredenn-vor-pendant-vilaine-et-fete\\\/\"},\"wordCount\":69,\"commentCount\":0,\"publisher\":{\"@id\":\"https:\\\/\\\/steredennvor.fr\\\/#organization\"},\"image\":{\"@id\":\"https:\\\/\\\/steredennvor.fr\\\/index.php\\\/2026\\\/03\\\/reservations-sur-le-steredenn-vor-pendant-vilaine-et-fete\\\/#primaryimage\"},\"thumbnailUrl\":\"https:\\\/\\\/steredennvor.fr\\\/wp-content\\\/uploads\\\/2026\\\/03\\\/Capture-decran-2026-03-13-182228.jpeg\",\"keywords\":[\"mars2026\"],\"articleSection\":[\"Bateau\"],\"inLanguage\":\"fr-FR\",\"potentialAction\":[{\"@type\":\"CommentAction\",\"name\":\"Comment\",\"target\":[\"https:\\\/\\\/steredennvor.fr\\\/index.php\\\/2026\\\/03\\\/reservations-sur-le-steredenn-vor-pendant-vilaine-et-fete\\\/#respond\"]}]},{\"@type\":\"WebPage\",\"@id\":\"https:\\\/\\\/steredennvor.fr\\\/index.php\\\/2026\\\/03\\\/reservations-sur-le-steredenn-vor-pendant-vilaine-et-fete\\\/\",\"url\":\"https:\\\/\\\/steredennvor.fr\\\/index.php\\\/2026\\\/03\\\/reservations-sur-le-steredenn-vor-pendant-vilaine-et-fete\\\/\",\"name\":\"R\u00e9servations sur le Steredenn vor pendant \\\"Vilaine et F\u00eate\\\" - STEREDENN VOR\",\"isPartOf\":{\"@id\":\"https:\\\/\\\/steredennvor.fr\\\/#website\"},\"primaryImageOfPage\":{\"@id\":\"https:\\\/\\\/steredennvor.fr\\\/index.php\\\/2026\\\/03\\\/reservations-sur-le-steredenn-vor-pendant-vilaine-et-fete\\\/#primaryimage\"},\"image\":{\"@id\":\"https:\\\/\\\/steredennvor.fr\\\/index.php\\\/2026\\\/03\\\/reservations-sur-le-steredenn-vor-pendant-vilaine-et-fete\\\/#primaryimage\"},\"thumbnailUrl\":\"https:\\\/\\\/steredennvor.fr\\\/wp-content\\\/uploads\\\/2026\\\/03\\\/Capture-decran-2026-03-13-182228.jpeg\",\"datePublished\":\"2026-03-13T17:27:03+00:00\",\"dateModified\":\"2026-03-13T17:27:21+00:00\",\"breadcrumb\":{\"@id\":\"https:\\\/\\\/steredennvor.fr\\\/index.php\\\/2026\\\/03\\\/reservations-sur-le-steredenn-vor-pendant-vilaine-et-fete\\\/#breadcrumb\"},\"inLanguage\":\"fr-FR\",\"potentialAction\":[{\"@type\":\"ReadAction\",\"target\":[\"https:\\\/\\\/steredennvor.fr\\\/index.php\\\/2026\\\/03\\\/reservations-sur-le-steredenn-vor-pendant-vilaine-et-fete\\\/\"]}]},{\"@type\":\"ImageObject\",\"inLanguage\":\"fr-FR\",\"@id\":\"https:\\\/\\\/steredennvor.fr\\\/index.php\\\/2026\\\/03\\\/reservations-sur-le-steredenn-vor-pendant-vilaine-et-fete\\\/#primaryimage\",\"url\":\"https:\\\/\\\/steredennvor.fr\\\/wp-content\\\/uploads\\\/2026\\\/03\\\/Capture-decran-2026-03-13-182228.jpeg\",\"contentUrl\":\"https:\\\/\\\/steredennvor.fr\\\/wp-content\\\/uploads\\\/2026\\\/03\\\/Capture-decran-2026-03-13-182228.jpeg\",\"width\":490,\"height\":266},{\"@type\":\"BreadcrumbList\",\"@id\":\"https:\\\/\\\/steredennvor.fr\\\/index.php\\\/2026\\\/03\\\/reservations-sur-le-steredenn-vor-pendant-vilaine-et-fete\\\/#breadcrumb\",\"itemListElement\":[{\"@type\":\"ListItem\",\"position\":1,\"name\":\"Accueil\",\"item\":\"https:\\\/\\\/steredennvor.fr\\\/\"},{\"@type\":\"ListItem\",\"position\":2,\"name\":\"R\u00e9servations sur le Steredenn vor pendant \u00ab\u00a0Vilaine et F\u00eate\u00a0\u00bb\"}]},{\"@type\":\"WebSite\",\"@id\":\"https:\\\/\\\/steredennvor.fr\\\/#website\",\"url\":\"https:\\\/\\\/steredennvor.fr\\\/\",\"name\":\"STEREDENN VOR\",\"description\":\"ASSOCIATION STEREDENN VOR - LA TURBALLE\",\"publisher\":{\"@id\":\"https:\\\/\\\/steredennvor.fr\\\/#organization\"},\"potentialAction\":[{\"@type\":\"SearchAction\",\"target\":{\"@type\":\"EntryPoint\",\"urlTemplate\":\"https:\\\/\\\/steredennvor.fr\\\/?s={search_term_string}\"},\"query-input\":{\"@type\":\"PropertyValueSpecification\",\"valueRequired\":true,\"valueName\":\"search_term_string\"}}],\"inLanguage\":\"fr-FR\"},{\"@type\":\"Organization\",\"@id\":\"https:\\\/\\\/steredennvor.fr\\\/#organization\",\"name\":\"Association STEREDENN VOR\",\"url\":\"https:\\\/\\\/steredennvor.fr\\\/\",\"logo\":{\"@type\":\"ImageObject\",\"inLanguage\":\"fr-FR\",\"@id\":\"https:\\\/\\\/steredennvor.fr\\\/#\\\/schema\\\/logo\\\/image\\\/\",\"url\":\"https:\\\/\\\/steredennvor.fr\\\/wp-content\\\/uploads\\\/2024\\\/12\\\/logo-steredenn-vor-grand-format-20X20.png\",\"contentUrl\":\"https:\\\/\\\/steredennvor.fr\\\/wp-content\\\/uploads\\\/2024\\\/12\\\/logo-steredenn-vor-grand-format-20X20.png\",\"width\":1039,\"height\":1064,\"caption\":\"Association STEREDENN VOR\"},\"image\":{\"@id\":\"https:\\\/\\\/steredennvor.fr\\\/#\\\/schema\\\/logo\\\/image\\\/\"}},{\"@type\":\"Person\",\"@id\":\"https:\\\/\\\/steredennvor.fr\\\/#\\\/schema\\\/person\\\/9512340db2b1550211a50f520de60390\",\"name\":\"Patrick DAHLEM\",\"image\":{\"@type\":\"ImageObject\",\"inLanguage\":\"fr-FR\",\"@id\":\"https:\\\/\\\/secure.gravatar.com\\\/avatar\\\/b3b9f3fc69e9fcaf1644427d8d341e0c9e0c69c7c75b08ac5d1df4468e6e026c?s=96&d=mm&r=g\",\"url\":\"https:\\\/\\\/secure.gravatar.com\\\/avatar\\\/b3b9f3fc69e9fcaf1644427d8d341e0c9e0c69c7c75b08ac5d1df4468e6e026c?s=96&d=mm&r=g\",\"contentUrl\":\"https:\\\/\\\/secure.gravatar.com\\\/avatar\\\/b3b9f3fc69e9fcaf1644427d8d341e0c9e0c69c7c75b08ac5d1df4468e6e026c?s=96&d=mm&r=g\",\"caption\":\"Patrick DAHLEM\"},\"url\":\"https:\\\/\\\/steredennvor.fr\\\/index.php\\\/author\\\/patrick\\\/\"}]}<\/script>\n<!-- \/ Yoast SEO plugin. -->","yoast_head_json":{"title":"R\u00e9servations sur le Steredenn vor pendant \"Vilaine et F\u00eate\" - STEREDENN VOR","robots":{"index":"index","follow":"follow","max-snippet":"max-snippet:-1","max-image-preview":"max-image-preview:large","max-video-preview":"max-video-preview:-1"},"canonical":"https:\/\/steredennvor.fr\/index.php\/2026\/03\/reservations-sur-le-steredenn-vor-pendant-vilaine-et-fete\/","og_locale":"fr_FR","og_type":"article","og_title":"R\u00e9servations sur le Steredenn vor pendant \"Vilaine et F\u00eate\" - STEREDENN VOR","og_description":"Vous \u00eates membres de l\u2019Association, et vous souhaitez naviguer sur le Steredenn Vor \u00e0 l\u2019occasion de Vilaine en F\u00eate, entre le 11 et le 16 mai prochain.\u00a0Vous pouvez effectuer votre [&hellip;]","og_url":"https:\/\/steredennvor.fr\/index.php\/2026\/03\/reservations-sur-le-steredenn-vor-pendant-vilaine-et-fete\/","og_site_name":"STEREDENN VOR","article_published_time":"2026-03-13T17:27:03+00:00","article_modified_time":"2026-03-13T17:27:21+00:00","og_image":[{"width":490,"height":266,"url":"https:\/\/steredennvor.fr\/wp-content\/uploads\/2026\/03\/Capture-decran-2026-03-13-182228.jpeg","type":"image\/jpeg"}],"author":"Patrick DAHLEM","twitter_card":"summary_large_image","twitter_misc":{"\u00c9crit par":"Patrick DAHLEM","Dur\u00e9e de lecture estim\u00e9e":"1 minute"},"schema":{"@context":"https:\/\/schema.org","@graph":[{"@type":"Article","@id":"https:\/\/steredennvor.fr\/index.php\/2026\/03\/reservations-sur-le-steredenn-vor-pendant-vilaine-et-fete\/#article","isPartOf":{"@id":"https:\/\/steredennvor.fr\/index.php\/2026\/03\/reservations-sur-le-steredenn-vor-pendant-vilaine-et-fete\/"},"author":{"name":"Patrick DAHLEM","@id":"https:\/\/steredennvor.fr\/#\/schema\/person\/9512340db2b1550211a50f520de60390"},"headline":"R\u00e9servations sur le Steredenn vor pendant \u00ab\u00a0Vilaine et F\u00eate\u00a0\u00bb","datePublished":"2026-03-13T17:27:03+00:00","dateModified":"2026-03-13T17:27:21+00:00","mainEntityOfPage":{"@id":"https:\/\/steredennvor.fr\/index.php\/2026\/03\/reservations-sur-le-steredenn-vor-pendant-vilaine-et-fete\/"},"wordCount":69,"commentCount":0,"publisher":{"@id":"https:\/\/steredennvor.fr\/#organization"},"image":{"@id":"https:\/\/steredennvor.fr\/index.php\/2026\/03\/reservations-sur-le-steredenn-vor-pendant-vilaine-et-fete\/#primaryimage"},"thumbnailUrl":"https:\/\/steredennvor.fr\/wp-content\/uploads\/2026\/03\/Capture-decran-2026-03-13-182228.jpeg","keywords":["mars2026"],"articleSection":["Bateau"],"inLanguage":"fr-FR","potentialAction":[{"@type":"CommentAction","name":"Comment","target":["https:\/\/steredennvor.fr\/index.php\/2026\/03\/reservations-sur-le-steredenn-vor-pendant-vilaine-et-fete\/#respond"]}]},{"@type":"WebPage","@id":"https:\/\/steredennvor.fr\/index.php\/2026\/03\/reservations-sur-le-steredenn-vor-pendant-vilaine-et-fete\/","url":"https:\/\/steredennvor.fr\/index.php\/2026\/03\/reservations-sur-le-steredenn-vor-pendant-vilaine-et-fete\/","name":"R\u00e9servations sur le Steredenn vor pendant \"Vilaine et F\u00eate\" - STEREDENN VOR","isPartOf":{"@id":"https:\/\/steredennvor.fr\/#website"},"primaryImageOfPage":{"@id":"https:\/\/steredennvor.fr\/index.php\/2026\/03\/reservations-sur-le-steredenn-vor-pendant-vilaine-et-fete\/#primaryimage"},"image":{"@id":"https:\/\/steredennvor.fr\/index.php\/2026\/03\/reservations-sur-le-steredenn-vor-pendant-vilaine-et-fete\/#primaryimage"},"thumbnailUrl":"https:\/\/steredennvor.fr\/wp-content\/uploads\/2026\/03\/Capture-decran-2026-03-13-182228.jpeg","datePublished":"2026-03-13T17:27:03+00:00","dateModified":"2026-03-13T17:27:21+00:00","breadcrumb":{"@id":"https:\/\/steredennvor.fr\/index.php\/2026\/03\/reservations-sur-le-steredenn-vor-pendant-vilaine-et-fete\/#breadcrumb"},"inLanguage":"fr-FR","potentialAction":[{"@type":"ReadAction","target":["https:\/\/steredennvor.fr\/index.php\/2026\/03\/reservations-sur-le-steredenn-vor-pendant-vilaine-et-fete\/"]}]},{"@type":"ImageObject","inLanguage":"fr-FR","@id":"https:\/\/steredennvor.fr\/index.php\/2026\/03\/reservations-sur-le-steredenn-vor-pendant-vilaine-et-fete\/#primaryimage","url":"https:\/\/steredennvor.fr\/wp-content\/uploads\/2026\/03\/Capture-decran-2026-03-13-182228.jpeg","contentUrl":"https:\/\/steredennvor.fr\/wp-content\/uploads\/2026\/03\/Capture-decran-2026-03-13-182228.jpeg","width":490,"height":266},{"@type":"BreadcrumbList","@id":"https:\/\/steredennvor.fr\/index.php\/2026\/03\/reservations-sur-le-steredenn-vor-pendant-vilaine-et-fete\/#breadcrumb","itemListElement":[{"@type":"ListItem","position":1,"name":"Accueil","item":"https:\/\/steredennvor.fr\/"},{"@type":"ListItem","position":2,"name":"R\u00e9servations sur le Steredenn vor pendant \u00ab\u00a0Vilaine et F\u00eate\u00a0\u00bb"}]},{"@type":"WebSite","@id":"https:\/\/steredennvor.fr\/#website","url":"https:\/\/steredennvor.fr\/","name":"STEREDENN VOR","description":"ASSOCIATION STEREDENN VOR - LA TURBALLE","publisher":{"@id":"https:\/\/steredennvor.fr\/#organization"},"potentialAction":[{"@type":"SearchAction","target":{"@type":"EntryPoint","urlTemplate":"https:\/\/steredennvor.fr\/?s={search_term_string}"},"query-input":{"@type":"PropertyValueSpecification","valueRequired":true,"valueName":"search_term_string"}}],"inLanguage":"fr-FR"},{"@type":"Organization","@id":"https:\/\/steredennvor.fr\/#organization","name":"Association STEREDENN VOR","url":"https:\/\/steredennvor.fr\/","logo":{"@type":"ImageObject","inLanguage":"fr-FR","@id":"https:\/\/steredennvor.fr\/#\/schema\/logo\/image\/","url":"https:\/\/steredennvor.fr\/wp-content\/uploads\/2024\/12\/logo-steredenn-vor-grand-format-20X20.png","contentUrl":"https:\/\/steredennvor.fr\/wp-content\/uploads\/2024\/12\/logo-steredenn-vor-grand-format-20X20.png","width":1039,"height":1064,"caption":"Association STEREDENN VOR"},"image":{"@id":"https:\/\/steredennvor.fr\/#\/schema\/logo\/image\/"}},{"@type":"Person","@id":"https:\/\/steredennvor.fr\/#\/schema\/person\/9512340db2b1550211a50f520de60390","name":"Patrick DAHLEM","image":{"@type":"ImageObject","inLanguage":"fr-FR","@id":"https:\/\/secure.gravatar.com\/avatar\/b3b9f3fc69e9fcaf1644427d8d341e0c9e0c69c7c75b08ac5d1df4468e6e026c?s=96&d=mm&r=g","url":"https:\/\/secure.gravatar.com\/avatar\/b3b9f3fc69e9fcaf1644427d8d341e0c9e0c69c7c75b08ac5d1df4468e6e026c?s=96&d=mm&r=g","contentUrl":"https:\/\/secure.gravatar.com\/avatar\/b3b9f3fc69e9fcaf1644427d8d341e0c9e0c69c7c75b08ac5d1df4468e6e026c?s=96&d=mm&r=g","caption":"Patrick DAHLEM"},"url":"https:\/\/steredennvor.fr\/index.php\/author\/patrick\/"}]}},"_links":{"self":[{"href":"https:\/\/steredennvor.fr\/index.php\/wp-json\/wp\/v2\/posts\/3627","targetHints":{"allow":["GET"]}}],"collection":[{"href":"https:\/\/steredennvor.fr\/index.php\/wp-json\/wp\/v2\/posts"}],"about":[{"href":"https:\/\/steredennvor.fr\/index.php\/wp-json\/wp\/v2\/types\/post"}],"author":[{"embeddable":true,"href":"https:\/\/steredennvor.fr\/index.php\/wp-json\/wp\/v2\/users\/2"}],"replies":[{"embeddable":true,"href":"https:\/\/steredennvor.fr\/index.php\/wp-json\/wp\/v2\/comments?post=3627"}],"version-history":[{"count":2,"href":"https:\/\/steredennvor.fr\/index.php\/wp-json\/wp\/v2\/posts\/3627\/revisions"}],"predecessor-version":[{"id":3631,"href":"https:\/\/steredennvor.fr\/index.php\/wp-json\/wp\/v2\/posts\/3627\/revisions\/3631"}],"wp:featuredmedia":[{"embeddable":true,"href":"https:\/\/steredennvor.fr\/index.php\/wp-json\/wp\/v2\/media\/3629"}],"wp:attachment":[{"href":"https:\/\/steredennvor.fr\/index.php\/wp-json\/wp\/v2\/media?parent=3627"}],"wp:term":[{"taxonomy":"category","embeddable":true,"href":"https:\/\/steredennvor.fr\/index.php\/wp-json\/wp\/v2\/categories?post=3627"},{"taxonomy":"post_tag","embeddable":true,"href":"https:\/\/steredennvor.fr\/index.php\/wp-json\/wp\/v2\/tags?post=3627"}],"curies":[{"name":"wp","href":"https:\/\/api.w.org\/{rel}","templated":true}]}}